{"id":7690,"date":"2014-06-29T11:30:14","date_gmt":"2014-06-29T11:30:14","guid":{"rendered":"http:\/\/culturescolleges.communaute-emg.net\/?p=1513"},"modified":"2014-06-29T11:30:14","modified_gmt":"2014-06-29T11:30:14","slug":"la-decouverte-de-la-chaine-arte-a-strasbourg","status":"publish","type":"post","link":"https:\/\/www.espacemultimediagantner.cg90.net\/fr\/la-decouverte-de-la-chaine-arte-a-strasbourg\/","title":{"rendered":"La d\u00e9couverte de la cha\u00eene ARTE \u00e0 Strasbourg."},"content":{"rendered":"<p><em><strong>Mardi 3 juin 2014<\/strong><\/em>.<\/p>\n<p>Cette journ\u00e9e a cl\u00f4tur\u00e9 la fin du projet o\u00f9 les \u00e9l\u00e8ves ont d\u00e9couvert les locaux d&rsquo;ARTE \u00e0 Strasbourg.<br \/>\nPour commencer, Elke Blocher, la charg\u00e9e de communication nous a accueilli pour faire une br\u00e8ve pr\u00e9sentation de l&rsquo;apr\u00e8s-midi et nous a amen\u00e9 dans un studio pour diffuser un film institutionnel expliquant la ligne \u00e9ditoriale et les diff\u00e9rents programmes,de la cha\u00eene ainsi que des projets coproduits par Arte. Nous avons ainsi appris que le sigle ARTE signifie Association Relative \u00e0 la T\u00e9l\u00e9vision Europ\u00e9enne et que la programmation est bilingue. Plus de 430 employ\u00e9s travaillent sur diff\u00e9rents sites : la GEIE (Groupement Europ\u00e9en d\u2019Int\u00e9r\u00eat Economique)) sur Strasbourg et les filiales \u00e0 Paris et \u00e0 Baden Baden. Pour \u00eatre recrut\u00e9 \u00e0 ARTE, la condition est d&rsquo;\u00eatre bilingue (fran\u00e7ais-allemand) voire trilingue.<\/p>\n<p>Ensuite, Elke nous a montr\u00e9 une 2\u00e8me pr\u00e9sentation concernant le fonctionnement de la cha\u00eene : le comit\u00e9 de g\u00e9rance franco-allemand, les nombreux partenaires europ\u00e9ens et la conf\u00e9rence des programmes. La GEIE produit les journaux et magazines : 40% vient de l&rsquo;Allemagne et 40% vient de la France. Tout est donc traduit dans les deux langues.<br \/>\nElke nous explique que des th\u00e8matiques (ou rep\u00e8res) par jour sont fix\u00e9s : lundi cin\u00e9ma, mardi enqu\u00eate, mercredi cr\u00e9ation, jeudi s\u00e9rie, vendredi fiction, samedi aventure humaine puis Tracks night, dimanche art, cinema, documentaires et \u00e9v\u00e8nements.<br \/>\nLe budget est de 436 millions euros par an dont 295 millions pour les programmes. Une partie est financ\u00e9e par la redevance T.V..<\/p>\n<p>Ensuite Alain Bieber et Laurence Rilly, directeur et r\u00e9dactrice pour ARTE cr\u00e9ative nous ont rejoint pour \u00e9changer autour du projet \u00ab\u00a0La T.V. de demain\u00a0\u00bb. Puis, une exp\u00e9rience est propos\u00e9e avec \u00ab\u00a0Take this lollipop\u00a0\u00bb sur le r\u00e9seau Facebook, o\u00f9 un serial killer nous poursuit\u2026 <a href=\"http:\/\/www.takethislollipop.com\/\" target=\"_blank\" rel=\"noopener\">Testez<\/a>.<br \/>\nPuis, Alain Bieber nous pr\u00e9sente la plate-forme ARTE Cr\u00e9ative. Ensuite, on d\u00e9couvre notre film r\u00e9alis\u00e9e avec Eric Bernaud, projet\u00e9 sur grand-\u00e9cran. Tout le monde est \u00e9tonn\u00e9 et ravi. Pour finir cet apr\u00e8s-midi, on d\u00e9couvre une salle de montage et de diffusion.<\/p>\n<p>Une belle journ\u00e9e riche en surprises.<\/p>\n<p><strong><em>Bient\u00f4t, le film sera diffus\u00e9 sur le blog et sur la plateforme ARTE Cr\u00e9ative.<\/em><\/strong><\/p>\n\n\t\t<style type=\"text\/css\">\n\t\t\t#gallery-1 {\n\t\t\t\tmargin: auto;\n\t\t\t}\n\t\t\t#gallery-1 .gallery-item {\n\t\t\t\tfloat: left;\n\t\t\t\tmargin-top: 10px;\n\t\t\t\ttext-align: center;\n\t\t\t\twidth: 50%;\n\t\t\t}\n\t\t\t#gallery-1 img {\n\t\t\t\tborder: 2px solid #cfcfcf;\n\t\t\t}\n\t\t\t#gallery-1 .gallery-caption {\n\t\t\t\tmargin-left: 0;\n\t\t\t}\n\t\t\t\/* see gallery_shortcode() in wp-includes\/media.php *\/\n\t\t<\/style>\n\t\t<div id='gallery-1' class='gallery galleryid-7690 gallery-columns-2 gallery-size-thumbnail'><dl class='gallery-item'>\n\t\t\t<dt class='gallery-icon landscape'>\n\t\t\t\t<a href='https:\/\/www.espacemultimediagantner.cg90.net\/fr\/podcast-audio\/john-zorn\/zorn-ramifications\/'><img loading=\"lazy\" decoding=\"async\" width=\"150\" height=\"150\" src=\"https:\/\/www.espacemultimediagantner.cg90.net\/wp-content\/uploads\/2015\/12\/zorn-ramifications-150x150.gif\" class=\"attachment-thumbnail size-thumbnail\" alt=\"zorn-ramifications\" aria-describedby=\"gallery-1-1534\" srcset=\"https:\/\/www.espacemultimediagantner.cg90.net\/wp-content\/uploads\/2015\/12\/zorn-ramifications-150x150.gif 150w, https:\/\/www.espacemultimediagantner.cg90.net\/wp-content\/uploads\/2015\/12\/zorn-ramifications-390x390.gif 390w\" sizes=\"auto, (max-width: 150px) 100vw, 150px\" \/><\/a>\n\t\t\t<\/dt>\n\t\t\t\t<dd class='wp-caption-text gallery-caption' id='gallery-1-1534'>\n\t\t\t\tzorn-ramifications\n\t\t\t\t<\/dd><\/dl><dl class='gallery-item'>\n\t\t\t<dt class='gallery-icon landscape'>\n\t\t\t\t<a href='https:\/\/www.espacemultimediagantner.cg90.net\/fr\/podcast-audio\/tim-buckley\/broadcast-ramifications\/'><img loading=\"lazy\" decoding=\"async\" width=\"150\" height=\"150\" src=\"https:\/\/www.espacemultimediagantner.cg90.net\/wp-content\/uploads\/2015\/12\/broadcast-ramifications-150x150.gif\" class=\"attachment-thumbnail size-thumbnail\" alt=\"broadcast-ramifications\" aria-describedby=\"gallery-1-1540\" srcset=\"https:\/\/www.espacemultimediagantner.cg90.net\/wp-content\/uploads\/2015\/12\/broadcast-ramifications-150x150.gif 150w, https:\/\/www.espacemultimediagantner.cg90.net\/wp-content\/uploads\/2015\/12\/broadcast-ramifications-390x390.gif 390w\" sizes=\"auto, (max-width: 150px) 100vw, 150px\" \/><\/a>\n\t\t\t<\/dt>\n\t\t\t\t<dd class='wp-caption-text gallery-caption' id='gallery-1-1540'>\n\t\t\t\tbroadcast-ramifications\n\t\t\t\t<\/dd><\/dl><br style=\"clear: both\" \/><dl class='gallery-item'>\n\t\t\t<dt class='gallery-icon landscape'>\n\t\t\t\t<a href='https:\/\/www.espacemultimediagantner.cg90.net\/fr\/podcast-audio\/sonic-youth\/sy-ramifications\/'><img loading=\"lazy\" decoding=\"async\" width=\"150\" height=\"150\" src=\"https:\/\/www.espacemultimediagantner.cg90.net\/wp-content\/uploads\/2015\/12\/SY-ramifications-150x150.gif\" class=\"attachment-thumbnail size-thumbnail\" alt=\"sonic youth\" aria-describedby=\"gallery-1-1546\" srcset=\"https:\/\/www.espacemultimediagantner.cg90.net\/wp-content\/uploads\/2015\/12\/SY-ramifications-150x150.gif 150w, https:\/\/www.espacemultimediagantner.cg90.net\/wp-content\/uploads\/2015\/12\/SY-ramifications-390x390.gif 390w\" sizes=\"auto, (max-width: 150px) 100vw, 150px\" \/><\/a>\n\t\t\t<\/dt>\n\t\t\t\t<dd class='wp-caption-text gallery-caption' id='gallery-1-1546'>\n\t\t\t\tsonic youth\n\t\t\t\t<\/dd><\/dl><dl class='gallery-item'>\n\t\t\t<dt class='gallery-icon landscape'>\n\t\t\t\t<a href='https:\/\/www.espacemultimediagantner.cg90.net\/fr\/podcast-audio\/richie-hawtin-meandres-technologiques\/ramifications_hawtin\/'><img loading=\"lazy\" decoding=\"async\" width=\"150\" height=\"150\" src=\"https:\/\/www.espacemultimediagantner.cg90.net\/wp-content\/uploads\/2015\/12\/ramifications_hawtin-150x150.gif\" class=\"attachment-thumbnail size-thumbnail\" alt=\"Richie Hawtin\" aria-describedby=\"gallery-1-1549\" srcset=\"https:\/\/www.espacemultimediagantner.cg90.net\/wp-content\/uploads\/2015\/12\/ramifications_hawtin-150x150.gif 150w, https:\/\/www.espacemultimediagantner.cg90.net\/wp-content\/uploads\/2015\/12\/ramifications_hawtin-390x390.gif 390w\" sizes=\"auto, (max-width: 150px) 100vw, 150px\" \/><\/a>\n\t\t\t<\/dt>\n\t\t\t\t<dd class='wp-caption-text gallery-caption' id='gallery-1-1549'>\n\t\t\t\tRichie Hawtin\n\t\t\t\t<\/dd><\/dl><br style=\"clear: both\" \/><dl class='gallery-item'>\n\t\t\t<dt class='gallery-icon landscape'>\n\t\t\t\t<a href='https:\/\/www.espacemultimediagantner.cg90.net\/fr\/podcast-audio\/can-rock-global\/can-ramifications\/'><img loading=\"lazy\" decoding=\"async\" width=\"150\" height=\"150\" src=\"https:\/\/www.espacemultimediagantner.cg90.net\/wp-content\/uploads\/2015\/12\/CAN-ramifications-150x150.gif\" class=\"attachment-thumbnail size-thumbnail\" alt=\"CAN-ramifications\" aria-describedby=\"gallery-1-1552\" srcset=\"https:\/\/www.espacemultimediagantner.cg90.net\/wp-content\/uploads\/2015\/12\/CAN-ramifications-150x150.gif 150w, https:\/\/www.espacemultimediagantner.cg90.net\/wp-content\/uploads\/2015\/12\/CAN-ramifications-390x390.gif 390w\" sizes=\"auto, (max-width: 150px) 100vw, 150px\" \/><\/a>\n\t\t\t<\/dt>\n\t\t\t\t<dd class='wp-caption-text gallery-caption' id='gallery-1-1552'>\n\t\t\t\tCAN-ramifications\n\t\t\t\t<\/dd><\/dl><dl class='gallery-item'>\n\t\t\t<dt class='gallery-icon landscape'>\n\t\t\t\t<a href='https:\/\/www.espacemultimediagantner.cg90.net\/fr\/podcast-audio\/can-rock-global\/soonoverbabaluma\/'><img loading=\"lazy\" decoding=\"async\" width=\"150\" height=\"150\" src=\"https:\/\/www.espacemultimediagantner.cg90.net\/wp-content\/uploads\/2015\/12\/SoonOverBabaluma-150x150.jpg\" class=\"attachment-thumbnail size-thumbnail\" alt=\"CAN Soon Over Babaluma\" aria-describedby=\"gallery-1-1553\" srcset=\"https:\/\/www.espacemultimediagantner.cg90.net\/wp-content\/uploads\/2015\/12\/SoonOverBabaluma-150x150.jpg 150w, https:\/\/www.espacemultimediagantner.cg90.net\/wp-content\/uploads\/2015\/12\/SoonOverBabaluma-390x390.jpg 390w\" sizes=\"auto, (max-width: 150px) 100vw, 150px\" \/><\/a>\n\t\t\t<\/dt>\n\t\t\t\t<dd class='wp-caption-text gallery-caption' id='gallery-1-1553'>\n\t\t\t\tCAN Soon Over Babaluma\n\t\t\t\t<\/dd><\/dl><br style=\"clear: both\" \/>\n\t\t<\/div>\n\n","protected":false},"excerpt":{"rendered":"Mardi 3 juin 2014. Cette journ\u00e9e a cl\u00f4tur\u00e9 la fin du projet o\u00f9 les \u00e9l\u00e8ves ont d\u00e9couvert les locaux d&rsquo;ARTE \u00e0 Strasbourg. Pour commencer, Elke Blocher, la charg\u00e9e de communication nous a accueilli pour faire une br\u00e8ve pr\u00e9sentation de l&rsquo;apr\u00e8s-midi et nous a amen\u00e9 dans un studio pour diffuser un film institutionnel expliquant la ligne&#8230;<br><span class=\"morePlus\">+<\/span>","protected":false},"author":3,"featured_media":0,"comment_status":"closed","ping_status":"open","sticky":false,"template":"","format":"standard","meta":{"footnotes":""},"categories":[135,136,134,63,137,64],"tags":[],"class_list":["post-7690","post","type-post","status-publish","format-standard","hentry","category-arte-creative","category-college-lucie-aubrac-morvillars","category-eric-bernaud","category-les-artistes","category-les-etablissements-scolaires","category-les-partenaires"],"_links":{"self":[{"href":"https:\/\/www.espacemultimediagantner.cg90.net\/fr\/wp-json\/wp\/v2\/posts\/7690","targetHints":{"allow":["GET"]}}],"collection":[{"href":"https:\/\/www.espacemultimediagantner.cg90.net\/fr\/wp-json\/wp\/v2\/posts"}],"about":[{"href":"https:\/\/www.espacemultimediagantner.cg90.net\/fr\/wp-json\/wp\/v2\/types\/post"}],"author":[{"embeddable":true,"href":"https:\/\/www.espacemultimediagantner.cg90.net\/fr\/wp-json\/wp\/v2\/users\/3"}],"replies":[{"embeddable":true,"href":"https:\/\/www.espacemultimediagantner.cg90.net\/fr\/wp-json\/wp\/v2\/comments?post=7690"}],"version-history":[{"count":0,"href":"https:\/\/www.espacemultimediagantner.cg90.net\/fr\/wp-json\/wp\/v2\/posts\/7690\/revisions"}],"wp:attachment":[{"href":"https:\/\/www.espacemultimediagantner.cg90.net\/fr\/wp-json\/wp\/v2\/media?parent=7690"}],"wp:term":[{"taxonomy":"category","embeddable":true,"href":"https:\/\/www.espacemultimediagantner.cg90.net\/fr\/wp-json\/wp\/v2\/categories?post=7690"},{"taxonomy":"post_tag","embeddable":true,"href":"https:\/\/www.espacemultimediagantner.cg90.net\/fr\/wp-json\/wp\/v2\/tags?post=7690"}],"curies":[{"name":"wp","href":"https:\/\/api.w.org\/{rel}","templated":true}]}}