{"id":2459,"date":"2015-07-10T12:36:51","date_gmt":"2015-07-10T12:36:51","guid":{"rendered":"http:\/\/culturescolleges.communaute-emg.net\/?p=2459"},"modified":"2015-07-10T12:36:51","modified_gmt":"2015-07-10T12:36:51","slug":"2459","status":"publish","type":"post","link":"https:\/\/www.espacemultimediagantner.cg90.net\/fr\/2459\/","title":{"rendered":"Pour les ann\u00e9es futures, prot\u00e9gez la nature!&#8230;"},"content":{"rendered":"<p><em><strong>Mardi 23 juin 2015.<\/strong><\/em><\/p>\n<p>Durant l&rsquo;ann\u00e9e 2015-2016, diff\u00e9rentes actions ont \u00e9t\u00e9 men\u00e9es autour du recyclage, de l&rsquo;agriculture biologique, de l&rsquo;environnement dans diff\u00e9rentes disciplines afin de pr\u00e9parer un futur projet \u00ab\u00a0Sauvons la plan\u00e8te\u00a0\u00bb pour 2015-2016. Toute la journ\u00e9e, en guise d&rsquo;introduction au futur projet \u00ab\u00a0Sauvons la plan\u00e8te\u00a0\u00bb (2015-16),\u00a0 le vid\u00e9aste et bricoleur d&rsquo;images Eric Bernaud\u00a0est venu pr\u00e9senter son travail, et a accompagn\u00e9 les \u00e9l\u00e8ves d&rsquo;une classe de 6\u00e8me pour une premi\u00e8re initiation au film d&rsquo;animation et au stop motion afin de mettre en valeur les r\u00e9flexions, exp\u00e9riences et sorties des \u00e9l\u00e8ves durant l&rsquo;ann\u00e9e 2014-2015.<\/p>\n<p>D\u00e9couvrez le film \u00ab\u00a0<strong><em>Pour les ann\u00e9es futures, prot\u00e9gez la nature !<\/em><\/strong>\u00a0\u00bb (Cr\u00e9ation : les \u00e9l\u00e8ves, Eric Bernaud et les enseignantes du projet \/ Montage et Technique : les \u00e9l\u00e8ves et Agn\u00e8s Lloret).<\/p>\n<p>[vimeo]http:\/\/vimeo.com\/133754599[\/vimeo]<\/p>\n","protected":false},"excerpt":{"rendered":"Mardi 23 juin 2015. Durant l&rsquo;ann\u00e9e 2015-2016, diff\u00e9rentes actions ont \u00e9t\u00e9 men\u00e9es autour du recyclage, de l&rsquo;agriculture biologique, de l&rsquo;environnement dans diff\u00e9rentes disciplines afin de pr\u00e9parer un futur projet \u00ab\u00a0Sauvons la plan\u00e8te\u00a0\u00bb pour 2015-2016. Toute la journ\u00e9e, en guise d&rsquo;introduction au futur projet \u00ab\u00a0Sauvons la plan\u00e8te\u00a0\u00bb (2015-16),\u00a0 le vid\u00e9aste et bricoleur d&rsquo;images Eric Bernaud\u00a0est venu&#8230;<br><span class=\"morePlus\">+<\/span>","protected":false},"author":3,"featured_media":0,"comment_status":"closed","ping_status":"open","sticky":false,"template":"","format":"standard","meta":{"footnotes":""},"categories":[136,134,63,137],"tags":[],"class_list":["post-2459","post","type-post","status-publish","format-standard","hentry","category-college-lucie-aubrac-morvillars","category-eric-bernaud","category-les-artistes","category-les-etablissements-scolaires"],"_links":{"self":[{"href":"https:\/\/www.espacemultimediagantner.cg90.net\/fr\/wp-json\/wp\/v2\/posts\/2459","targetHints":{"allow":["GET"]}}],"collection":[{"href":"https:\/\/www.espacemultimediagantner.cg90.net\/fr\/wp-json\/wp\/v2\/posts"}],"about":[{"href":"https:\/\/www.espacemultimediagantner.cg90.net\/fr\/wp-json\/wp\/v2\/types\/post"}],"author":[{"embeddable":true,"href":"https:\/\/www.espacemultimediagantner.cg90.net\/fr\/wp-json\/wp\/v2\/users\/3"}],"replies":[{"embeddable":true,"href":"https:\/\/www.espacemultimediagantner.cg90.net\/fr\/wp-json\/wp\/v2\/comments?post=2459"}],"version-history":[{"count":0,"href":"https:\/\/www.espacemultimediagantner.cg90.net\/fr\/wp-json\/wp\/v2\/posts\/2459\/revisions"}],"wp:attachment":[{"href":"https:\/\/www.espacemultimediagantner.cg90.net\/fr\/wp-json\/wp\/v2\/media?parent=2459"}],"wp:term":[{"taxonomy":"category","embeddable":true,"href":"https:\/\/www.espacemultimediagantner.cg90.net\/fr\/wp-json\/wp\/v2\/categories?post=2459"},{"taxonomy":"post_tag","embeddable":true,"href":"https:\/\/www.espacemultimediagantner.cg90.net\/fr\/wp-json\/wp\/v2\/tags?post=2459"}],"curies":[{"name":"wp","href":"https:\/\/api.w.org\/{rel}","templated":true}]}}