{"id":1613,"date":"2014-07-01T10:20:58","date_gmt":"2014-07-01T10:20:58","guid":{"rendered":"http:\/\/culturescolleges.communaute-emg.net\/?p=1613"},"modified":"2014-07-01T10:20:58","modified_gmt":"2014-07-01T10:20:58","slug":"lexposition-la-television-de-demain","status":"publish","type":"post","link":"https:\/\/www.espacemultimediagantner.cg90.net\/fr\/lexposition-la-television-de-demain\/","title":{"rendered":"L&rsquo;exposition \u00ab\u00a0La t\u00e9l\u00e9vision de demain\u00a0\u00bb."},"content":{"rendered":"<p><em><strong>Lundi 30 juin 2014.<\/strong><\/em><\/p>\n<p>Pour cl\u00f4turer le projet, une exposition a \u00e9t\u00e9 r\u00e9alis\u00e9e pour pr\u00e9senter l\u00a0\u00bbensemble du projet. Eric Bernaud \u00e9tait pr\u00e9sent pour aider les \u00e9l\u00e8ves \u00e0 monter l\u00a0\u00bbexposition et les accompagner tout au long de la journ\u00e9e pour accueillir le public. En effet, lors des visites des classes, ce sont les \u00e9l\u00e8ves qui ont expliqu\u00e9 le projet et men\u00e9 deux ateliers : le premier expliquant le principe du stop motion (image par image) et <a href=\"http:\/\/www.svenskkasinon.com\/\">casino<\/a>  le deuxi\u00e8me o\u00f9 \u00e9tait reconstitu\u00e9 un studio de t\u00e9l\u00e9vision invitant les participants \u00e0 endosser le r\u00f4le du pr\u00e9sentateur, des figurants et aussi des techniciens (cam\u00e9ra, lumi\u00e8re&#8230;).<\/p>\n<p>La fin de la journ\u00e9e s\u00a0\u00bbest termin\u00e9e par un vernissage o\u00f9 les parents des \u00e9l\u00e8ves \u00e9taient invit\u00e9.\u00a0 Tout le monde a \u00e9t\u00e9 enthousiasm\u00e9 par cette journ\u00e9e.<\/p>\n<p>Ce projet (gr\u00e2ce \u00e0 Eric Bernaud et les enseignantes) a mis en valeur la cr\u00e9ativit\u00e9 des \u00e9l\u00e8ves et a suscit\u00e9 chez quelques-uns des vocations dans l\u00a0\u00bbaudiovisuel.<\/p>\n\n\t\t<style type=\"text\/css\">\n\t\t\t#gallery-1 {\n\t\t\t\tmargin: auto;\n\t\t\t}\n\t\t\t#gallery-1 .gallery-item {\n\t\t\t\tfloat: left;\n\t\t\t\tmargin-top: 10px;\n\t\t\t\ttext-align: center;\n\t\t\t\twidth: 33%;\n\t\t\t}\n\t\t\t#gallery-1 img {\n\t\t\t\tborder: 2px solid #cfcfcf;\n\t\t\t}\n\t\t\t#gallery-1 .gallery-caption {\n\t\t\t\tmargin-left: 0;\n\t\t\t}\n\t\t\t\/* see gallery_shortcode() in wp-includes\/media.php *\/\n\t\t<\/style>\n\t\t<div id='gallery-1' class='gallery galleryid-1613 gallery-columns-3 gallery-size-thumbnail'><dl class='gallery-item'>\n\t\t\t<dt class='gallery-icon landscape'>\n\t\t\t\t<a href='https:\/\/www.espacemultimediagantner.cg90.net\/fr\/rendezvous\/romani-street-view-dolivier-pagani\/romanistreetview-2\/'><img loading=\"lazy\" decoding=\"async\" width=\"150\" height=\"150\" src=\"https:\/\/www.espacemultimediagantner.cg90.net\/wp-content\/uploads\/2016\/02\/Romanistreetview-150x150.jpg\" class=\"attachment-thumbnail size-thumbnail\" alt=\"Romani Street View d\u2019Olivier Pagani\" aria-describedby=\"gallery-1-1630\" srcset=\"https:\/\/www.espacemultimediagantner.cg90.net\/wp-content\/uploads\/2016\/02\/Romanistreetview-150x150.jpg 150w, https:\/\/www.espacemultimediagantner.cg90.net\/wp-content\/uploads\/2016\/02\/Romanistreetview-390x390.jpg 390w\" sizes=\"auto, (max-width: 150px) 100vw, 150px\" \/><\/a>\n\t\t\t<\/dt>\n\t\t\t\t<dd class='wp-caption-text gallery-caption' id='gallery-1-1630'>\n\t\t\t\tRomani Street View d\u2019Olivier Pagani\n\t\t\t\t<\/dd><\/dl>\n\t\t\t<br style='clear: both' \/>\n\t\t<\/div>\n\n","protected":false},"excerpt":{"rendered":"Lundi 30 juin 2014. Pour cl\u00f4turer le projet, une exposition a \u00e9t\u00e9 r\u00e9alis\u00e9e pour pr\u00e9senter l\u00a0\u00bbensemble du projet. Eric Bernaud \u00e9tait pr\u00e9sent pour aider les \u00e9l\u00e8ves \u00e0 monter l\u00a0\u00bbexposition et les accompagner tout au long de la journ\u00e9e pour accueillir le public. En effet, lors des visites des classes, ce sont les \u00e9l\u00e8ves qui ont&#8230;<br><span class=\"morePlus\">+<\/span>","protected":false},"author":3,"featured_media":0,"comment_status":"closed","ping_status":"open","sticky":false,"template":"","format":"standard","meta":{"footnotes":""},"categories":[135,136,134,63,137,64],"tags":[],"class_list":["post-1613","post","type-post","status-publish","format-standard","hentry","category-arte-creative","category-college-lucie-aubrac-morvillars","category-eric-bernaud","category-les-artistes","category-les-etablissements-scolaires","category-les-partenaires"],"_links":{"self":[{"href":"https:\/\/www.espacemultimediagantner.cg90.net\/fr\/wp-json\/wp\/v2\/posts\/1613","targetHints":{"allow":["GET"]}}],"collection":[{"href":"https:\/\/www.espacemultimediagantner.cg90.net\/fr\/wp-json\/wp\/v2\/posts"}],"about":[{"href":"https:\/\/www.espacemultimediagantner.cg90.net\/fr\/wp-json\/wp\/v2\/types\/post"}],"author":[{"embeddable":true,"href":"https:\/\/www.espacemultimediagantner.cg90.net\/fr\/wp-json\/wp\/v2\/users\/3"}],"replies":[{"embeddable":true,"href":"https:\/\/www.espacemultimediagantner.cg90.net\/fr\/wp-json\/wp\/v2\/comments?post=1613"}],"version-history":[{"count":0,"href":"https:\/\/www.espacemultimediagantner.cg90.net\/fr\/wp-json\/wp\/v2\/posts\/1613\/revisions"}],"wp:attachment":[{"href":"https:\/\/www.espacemultimediagantner.cg90.net\/fr\/wp-json\/wp\/v2\/media?parent=1613"}],"wp:term":[{"taxonomy":"category","embeddable":true,"href":"https:\/\/www.espacemultimediagantner.cg90.net\/fr\/wp-json\/wp\/v2\/categories?post=1613"},{"taxonomy":"post_tag","embeddable":true,"href":"https:\/\/www.espacemultimediagantner.cg90.net\/fr\/wp-json\/wp\/v2\/tags?post=1613"}],"curies":[{"name":"wp","href":"https:\/\/api.w.org\/{rel}","templated":true}]}}